{"id":8369,"date":"2026-02-21T12:55:04","date_gmt":"2026-02-21T12:55:04","guid":{"rendered":"https:\/\/www.evang-hermagor.at\/?p=8369"},"modified":"2026-02-22T16:48:27","modified_gmt":"2026-02-22T16:48:27","slug":"gemeinsam-weiterdenken-gemeinsam-weitergehen","status":"publish","type":"post","link":"https:\/\/www.evang-hermagor.at\/?p=8369","title":{"rendered":"Gemeinsam weiterdenken. Gemeinsam weitergehen."},"content":{"rendered":"\n<div style=\"height:50px\" aria-hidden=\"true\" class=\"wp-block-spacer\"><\/div>\n\n\n\n<h2 class=\"wp-block-heading\"><strong>Kirche bewegt &#8211; weil Menschen sich bewegen<\/strong><\/h2>\n\n\n\n<div style=\"height:50px\" aria-hidden=\"true\" class=\"wp-block-spacer\"><\/div>\n\n\n\n<p class=\"has-large-font-size\">Am Donnerstag, 19. Februar 2026, wurde der Gemeindesaal der Schneerosenkirche zum Treffpunkt gelebter evangelischer Verbundenheit. Die Kuratorinnen und Kuratoren der Pfarrgemeinden Tre\u00dfdorf, Jenig, Watschig, Hermagor, Wei\u00dfbriach und Zlan kamen zu ihrem halbj\u00e4hrlichen Treffen zusammen.<\/p>\n\n\n\n<p class=\"has-large-font-size\">Mit dabei war Mag.a Margarethe Prinz\u2011B\u00fcchl, als gew\u00e4hlte Vorsitzende der Kuratorinnen und Kuratoren in K\u00e4rnten\u2011Osttirol. Mit ihrer Klarheit und Erfahrung will sie dieses gewachsene Netzwerk st\u00e4rken und kraftvolle Impulse f\u00fcr eine Kirche setzen, die sich ihrer Verantwortung bewusst ist und mutig in die Zukunft geht.<\/p>\n\n\n\n<p class=\"has-large-font-size\">Vor rund sechs Jahren als neue Initiative gestartet, hat sich dieses Treffen zu einer festen und gesch\u00e4tzten Tradition entwickelt. Zweimal im Jahr kommen die Kuratorinnen und Kuratoren jeweils in einer anderen Pfarrgemeinde zusammen \u2013 ein Zeichen lebendiger Verbundenheit \u00fcber Gemeindegrenzen hinweg.<\/p>\n\n\n\n<p class=\"has-large-font-size\">Was einst als neuer Impuls begann, ist heute von echter Freundschaft, gegenseitigem Vertrauen und einem starken Wir-Gef\u00fchl gepr\u00e4gt. Das gewachsene Netzwerk ist nicht nur sichtbar, sondern sp\u00fcrbar \u2013 es tr\u00e4gt, st\u00e4rkt und ermutigt weit \u00fcber die Treffen hinaus.<\/p>\n\n\n\n<p class=\"has-large-font-size\">Der Tag begann mit einem gemeinsamen Fr\u00fchst\u00fcck in der Confiserie Semmelrock &#8211; ein bewusst gew\u00e4hlter Auftakt, der Raum f\u00fcr pers\u00f6nliche Gespr\u00e4che und Begegnung bot. Nach der Besichtigung des sanierten Garagenkomplexes fand das eigentliche Arbeitsgespr\u00e4ch im Gemeindesaal der Schneerosenkirche statt.<\/p>\n\n\n\n<p class=\"has-large-font-size\">Zur Sprache kamen jene Anliegen, die unsere Gemeinden aktuell besch\u00e4ftigen, offen und konstruktiv diskutiert.<\/p>\n\n\n\n<ul class=\"wp-block-list\">\n<li class=\"has-accent-color has-text-color has-link-color has-large-font-size wp-elements-a309e574b757d54ae93ac743f87793fd\">Wie begegnen wir der fortschreitenden S\u00e4kularisierung?<\/li>\n\n\n\n<li class=\"has-accent-color has-text-color has-link-color has-large-font-size wp-elements-845449aa03ed9f18c0384f4a7d2e1282\">Werte und moralische Orientierung im Wandel der Zeit.<\/li>\n\n\n\n<li class=\"has-accent-color has-text-color has-link-color has-large-font-size wp-elements-2725259dad83788eeae86ccf1effdbcd\">Wie erreichen wir junge Menschen mit der Botschaft des christlichen Glaubens?<\/li>\n\n\n\n<li class=\"has-accent-color has-text-color has-link-color has-large-font-size wp-elements-50b37cd31423978dcbf7e302993e5659\">Jugendgottesdienste und neue Formen der Beteiligung.<\/li>\n\n\n\n<li class=\"has-accent-color has-text-color has-link-color has-large-font-size wp-elements-ecd11146e8151112cbe41890b48988cb\">Der Kirchenbeitrag und der Umgang mit Austritten.<\/li>\n<\/ul>\n\n\n\n<p class=\"has-large-font-size\">Auch wenn es &#8211; wie \u00fcberall &#8211; zu Kirchenaustritten kommt, zeigt sich K\u00e4rnten bislang weniger stark betroffen. Kein Grund jedoch, sich zur\u00fcckzulehnen, sondern vielmehr ein Auftrag, weiterhin aktiv, sichtbar und einladend zu sein.<\/p>\n\n\n<div class=\"wp-block-image\">\n<figure class=\"aligncenter size-large\"><img loading=\"lazy\" decoding=\"async\" width=\"1024\" height=\"425\" src=\"https:\/\/www.evang-hermagor.at\/wp-content\/uploads\/2026\/02\/260219KuratorenTreffenHermagor00-1024x425.jpg\" alt=\"\" class=\"wp-image-8368\" srcset=\"https:\/\/www.evang-hermagor.at\/wp-content\/uploads\/2026\/02\/260219KuratorenTreffenHermagor00-1024x425.jpg 1024w, https:\/\/www.evang-hermagor.at\/wp-content\/uploads\/2026\/02\/260219KuratorenTreffenHermagor00-300x125.jpg 300w, https:\/\/www.evang-hermagor.at\/wp-content\/uploads\/2026\/02\/260219KuratorenTreffenHermagor00-768x319.jpg 768w, https:\/\/www.evang-hermagor.at\/wp-content\/uploads\/2026\/02\/260219KuratorenTreffenHermagor00-1536x637.jpg 1536w, https:\/\/www.evang-hermagor.at\/wp-content\/uploads\/2026\/02\/260219KuratorenTreffenHermagor00.jpg 1600w\" sizes=\"auto, (max-width: 1024px) 100vw, 1024px\" \/><\/figure>\n<\/div>\n\n\n<p class=\"has-large-font-size\">Respekt, Klarheit und Zuversicht bestimmten den Austausch. Unsere Gemeinden stehen im Wandel &#8211; und wir gestalten diesen Weg Seite an Seite.<\/p>\n\n\n\n<p class=\"has-large-font-size\">Auch die Ehepartnerinnen und Ehepartner sind zu diesen Treffen eingeladen. Sie sind oftmals der stille R\u00fcckhalt, Ermutigerinnen und Ermutiger &#8211; und nicht selten auch \u201eKlagemauer\u201c f\u00fcr jene, die das verantwortungsvolle Amt einer Kuratorin oder eines Kurators aus\u00fcben. Gemeinschaft bedeutet eben auch einander tragen.<\/p>\n\n\n\n<p class=\"has-large-font-size\">Im gemeinsamen Austausch zeigt sich, Kirche lebt von Begegnung, vom gemeinsamen Ringen um gute L\u00f6sungen und vom festen Vertrauen darauf, wie wichtig es ist, miteinander im Gespr\u00e4ch zu bleiben, Erfahrungen zu teilen und sich gegenseitig zu st\u00e4rken. Es ist ein Zeichen lebendiger Kirche &#8211; einer Kirche, die sich bewegt, die hinh\u00f6rt, die gestaltet<\/p>\n\n\n\n<p class=\"has-large-font-size\">Wir danken allen Beteiligten f\u00fcr ihr Engagement und die Bereitschaft, Verantwortung zu \u00fcbernehmen und Zeit zu schenken.<\/p>\n\n\n\n<p class=\"has-large-font-size\">Am Samstag, den 27. Juni, kommen wir im Rahmen der 100\u2011Jahr\u2011Feier der Schneerosenkirche erneut zusammen. Wir freuen uns sehr, dass auch <strong>Bisch\u00f6fin Cornelia Richter<\/strong> und <strong>Superintendentin Andrea Matteoli<\/strong> diesem Treffen beiwohnen werden.<\/p>\n\n\n<div class=\"wp-block-image\">\n<figure class=\"aligncenter size-full is-resized\"><img loading=\"lazy\" decoding=\"async\" width=\"479\" height=\"122\" src=\"https:\/\/www.evang-hermagor.at\/wp-content\/uploads\/2024\/02\/240228Abstand.jpg\" alt=\"\" class=\"wp-image-2130\" style=\"width:200px\" srcset=\"https:\/\/www.evang-hermagor.at\/wp-content\/uploads\/2024\/02\/240228Abstand.jpg 479w, https:\/\/www.evang-hermagor.at\/wp-content\/uploads\/2024\/02\/240228Abstand-300x76.jpg 300w\" sizes=\"auto, (max-width: 479px) 100vw, 479px\" \/><\/figure>\n<\/div>\n\n\n<p><\/p>\n","protected":false},"excerpt":{"rendered":"<p>Kirche bewegt &#8211; weil Menschen sich bewegen Am Donnerstag, 19. Februar 2026, wurde der Gemeindesaal der Schneerosenkirche zum Treffpunkt gelebter evangelischer Verbundenheit. Die Kuratorinnen und &hellip; <\/p>\n","protected":false},"author":5,"featured_media":8372,"comment_status":"closed","ping_status":"closed","sticky":true,"template":"","format":"standard","meta":{"footnotes":""},"categories":[1],"tags":[],"class_list":["post-8369","post","type-post","status-publish","format-standard","has-post-thumbnail","hentry","category-aktuelles"],"_links":{"self":[{"href":"https:\/\/www.evang-hermagor.at\/index.php?rest_route=\/wp\/v2\/posts\/8369","targetHints":{"allow":["GET"]}}],"collection":[{"href":"https:\/\/www.evang-hermagor.at\/index.php?rest_route=\/wp\/v2\/posts"}],"about":[{"href":"https:\/\/www.evang-hermagor.at\/index.php?rest_route=\/wp\/v2\/types\/post"}],"author":[{"embeddable":true,"href":"https:\/\/www.evang-hermagor.at\/index.php?rest_route=\/wp\/v2\/users\/5"}],"replies":[{"embeddable":true,"href":"https:\/\/www.evang-hermagor.at\/index.php?rest_route=%2Fwp%2Fv2%2Fcomments&post=8369"}],"version-history":[{"count":9,"href":"https:\/\/www.evang-hermagor.at\/index.php?rest_route=\/wp\/v2\/posts\/8369\/revisions"}],"predecessor-version":[{"id":8386,"href":"https:\/\/www.evang-hermagor.at\/index.php?rest_route=\/wp\/v2\/posts\/8369\/revisions\/8386"}],"wp:featuredmedia":[{"embeddable":true,"href":"https:\/\/www.evang-hermagor.at\/index.php?rest_route=\/wp\/v2\/media\/8372"}],"wp:attachment":[{"href":"https:\/\/www.evang-hermagor.at\/index.php?rest_route=%2Fwp%2Fv2%2Fmedia&parent=8369"}],"wp:term":[{"taxonomy":"category","embeddable":true,"href":"https:\/\/www.evang-hermagor.at\/index.php?rest_route=%2Fwp%2Fv2%2Fcategories&post=8369"},{"taxonomy":"post_tag","embeddable":true,"href":"https:\/\/www.evang-hermagor.at\/index.php?rest_route=%2Fwp%2Fv2%2Ftags&post=8369"}],"curies":[{"name":"wp","href":"https:\/\/api.w.org\/{rel}","templated":true}]}}