{"id":8162,"date":"2025-12-08T05:28:05","date_gmt":"2025-12-08T05:28:05","guid":{"rendered":"https:\/\/www.evang-hermagor.at\/?p=8162"},"modified":"2025-12-08T05:28:05","modified_gmt":"2025-12-08T05:28:05","slug":"im-angesicht-des-unrechts-andacht-gegen-das-schweigen","status":"publish","type":"post","link":"https:\/\/www.evang-hermagor.at\/?p=8162","title":{"rendered":"Im Angesicht des Unrechts Andacht gegen das Schweigen"},"content":{"rendered":"\n<div style=\"height:50px\" aria-hidden=\"true\" class=\"wp-block-spacer\"><\/div>\n\n\n\n<h2 class=\"wp-block-heading\"><strong>Nicht stumm bleiben \u2013 jedes Opfer ist ein Ruf<\/strong><\/h2>\n\n\n\n<div style=\"height:50px\" aria-hidden=\"true\" class=\"wp-block-spacer\"><\/div>\n\n\n\n<div class=\"wp-block-columns is-layout-flex wp-container-core-columns-is-layout-9d6595d7 wp-block-columns-is-layout-flex\">\n<div class=\"wp-block-column is-layout-flow wp-block-column-is-layout-flow\" style=\"flex-basis:66.66%\">\n<div style=\"height:83px\" aria-hidden=\"true\" class=\"wp-block-spacer\"><\/div>\n\n\n\n<p class=\"has-large-font-size\">In der Schneerosenkirche vereinten evangelische Frauenarbeit, katholische Frauenbewegung und der Soroptimist Club Hermagor ihre Stimmen \u2013 ein Zeichen, dass Glaube, Solidarit\u00e4t und Verantwortung gemeinsam Hoffnung schenken und gegen Gewalt aufstehen.<\/p>\n\n\n\n<p class=\"has-large-font-size\">Mit den Worten Dietrich Bonhoeffers begann die Andacht in der Schneerosenkirche: \u201eVon guten M\u00e4chten wunderbar geborgen, erwarten wir getrost, was kommen mag. Gott ist mit uns am Abend und am Morgen und ganz gewiss an jedem neuen Tag.\u201c<\/p>\n<\/div>\n\n\n\n<div class=\"wp-block-column is-layout-flow wp-block-column-is-layout-flow\" style=\"flex-basis:33.33%\">\n<figure class=\"wp-block-image size-large\"><img loading=\"lazy\" decoding=\"async\" width=\"828\" height=\"1024\" src=\"https:\/\/www.evang-hermagor.at\/wp-content\/uploads\/2025\/12\/251204OrangeTheWorld01-828x1024.jpg\" alt=\"\" class=\"wp-image-8161\" srcset=\"https:\/\/www.evang-hermagor.at\/wp-content\/uploads\/2025\/12\/251204OrangeTheWorld01-828x1024.jpg 828w, https:\/\/www.evang-hermagor.at\/wp-content\/uploads\/2025\/12\/251204OrangeTheWorld01-243x300.jpg 243w, https:\/\/www.evang-hermagor.at\/wp-content\/uploads\/2025\/12\/251204OrangeTheWorld01-768x950.jpg 768w, https:\/\/www.evang-hermagor.at\/wp-content\/uploads\/2025\/12\/251204OrangeTheWorld01.jpg 1141w\" sizes=\"auto, (max-width: 828px) 100vw, 828px\" \/><\/figure>\n<\/div>\n<\/div>\n\n\n\n<div style=\"height:35px\" aria-hidden=\"true\" class=\"wp-block-spacer\"><\/div>\n\n\n\n<p class=\"has-large-font-size\">Dieses Lied, in Zeiten der Bedr\u00e4ngnis geschrieben, wurde zum Gebet des Abends \u2013 ein Gebet, das Schmerz und Hoffnung miteinander verbindet.<\/p>\n\n\n\n<p class=\"has-large-font-size\">Im Jahr 2025 verloren in \u00d6sterreich 15 Frauen durch Gewalt ihr Leben. Hinter jeder Zahl steht ein Name, ein Alter, ein Schicksal \u2013 ein ausgel\u00f6schtes Leben. Vor dem Altar erinnerten 15 St\u00fchle mit brennenden Lichtern an diese Frauen. Zwei weitere St\u00fchle gaben jenen Raum, deren Tod erst heuer ans Licht kam. Sie waren Zeichen der W\u00fcrde, der Erinnerung und des Aufrufs, nicht zu schweigen.<\/p>\n\n\n\n<div style=\"height:35px\" aria-hidden=\"true\" class=\"wp-block-spacer\"><\/div>\n\n\n\n<div class=\"wp-block-columns is-layout-flex wp-container-core-columns-is-layout-9d6595d7 wp-block-columns-is-layout-flex\">\n<div class=\"wp-block-column is-layout-flow wp-block-column-is-layout-flow\" style=\"flex-basis:33.33%\">\n<div style=\"height:55px\" aria-hidden=\"true\" class=\"wp-block-spacer\"><\/div>\n\n\n\n<p class=\"has-text-align-right has-large-font-size\">Wir d\u00fcrfen nicht stumm bleiben \u2013 denn nur gemeinsam k\u00f6nnen wir das Schweigen brechen und Hoffnung gegen Gewalt sichtbar machen.<\/p>\n<\/div>\n\n\n\n<div class=\"wp-block-column is-layout-flow wp-block-column-is-layout-flow\" style=\"flex-basis:66.66%\">\n<figure data-wp-context=\"{&quot;imageId&quot;:&quot;69f42d6d09017&quot;}\" data-wp-interactive=\"core\/image\" data-wp-key=\"69f42d6d09017\" class=\"wp-block-image size-full is-resized wp-lightbox-container\"><img loading=\"lazy\" decoding=\"async\" width=\"985\" height=\"688\" data-wp-class--hide=\"state.isContentHidden\" data-wp-class--show=\"state.isContentVisible\" data-wp-init=\"callbacks.setButtonStyles\" data-wp-on--click=\"actions.showLightbox\" data-wp-on--load=\"callbacks.setButtonStyles\" data-wp-on-window--resize=\"callbacks.setButtonStyles\" src=\"https:\/\/www.evang-hermagor.at\/wp-content\/uploads\/2025\/12\/251204OrangeTheDayBeitragsfoto00.jpg\" alt=\"\" class=\"wp-image-8159\" style=\"width:350px\" srcset=\"https:\/\/www.evang-hermagor.at\/wp-content\/uploads\/2025\/12\/251204OrangeTheDayBeitragsfoto00.jpg 985w, https:\/\/www.evang-hermagor.at\/wp-content\/uploads\/2025\/12\/251204OrangeTheDayBeitragsfoto00-300x210.jpg 300w, https:\/\/www.evang-hermagor.at\/wp-content\/uploads\/2025\/12\/251204OrangeTheDayBeitragsfoto00-768x536.jpg 768w\" sizes=\"auto, (max-width: 985px) 100vw, 985px\" \/><button\n\t\t\tclass=\"lightbox-trigger\"\n\t\t\ttype=\"button\"\n\t\t\taria-haspopup=\"dialog\"\n\t\t\taria-label=\"Vergr\u00f6\u00dfern\"\n\t\t\tdata-wp-init=\"callbacks.initTriggerButton\"\n\t\t\tdata-wp-on--click=\"actions.showLightbox\"\n\t\t\tdata-wp-style--right=\"state.imageButtonRight\"\n\t\t\tdata-wp-style--top=\"state.imageButtonTop\"\n\t\t>\n\t\t\t<svg xmlns=\"http:\/\/www.w3.org\/2000\/svg\" width=\"12\" height=\"12\" fill=\"none\" viewBox=\"0 0 12 12\">\n\t\t\t\t<path fill=\"#fff\" d=\"M2 0a2 2 0 0 0-2 2v2h1.5V2a.5.5 0 0 1 .5-.5h2V0H2Zm2 10.5H2a.5.5 0 0 1-.5-.5V8H0v2a2 2 0 0 0 2 2h2v-1.5ZM8 12v-1.5h2a.5.5 0 0 0 .5-.5V8H12v2a2 2 0 0 1-2 2H8Zm2-12a2 2 0 0 1 2 2v2h-1.5V2a.5.5 0 0 0-.5-.5H8V0h2Z\" \/>\n\t\t\t<\/svg>\n\t\t<\/button><\/figure>\n<\/div>\n<\/div>\n\n\n\n<div style=\"height:35px\" aria-hidden=\"true\" class=\"wp-block-spacer\"><\/div>\n\n\n\n<blockquote class=\"wp-block-quote is-layout-flow wp-block-quote-is-layout-flow\">\n<p class=\"has-text-align-left has-black-color has-text-color has-link-color has-large-font-size wp-elements-7fbe862412e075087fcc1e16a514f073\">Wer erhebt das Wort gegen das Unrecht?<\/p>\n<\/blockquote>\n\n\n\n<blockquote class=\"wp-block-quote is-layout-flow wp-block-quote-is-layout-flow\">\n<p class=\"has-text-align-left has-black-color has-text-color has-link-color has-large-font-size wp-elements-2ae5d21fc72b70f331cd4813eeab2b67\">Wer weint mit den Opfern und schreit f\u00fcr Gerechtigkeit?<\/p>\n<\/blockquote>\n\n\n\n<blockquote class=\"wp-block-quote is-layout-flow wp-block-quote-is-layout-flow\">\n<p class=\"has-text-align-left has-black-color has-text-color has-link-color has-large-font-size wp-elements-7488251ef60b649af31f20bf32d91c14\">Wer schweigt, um Raum f\u00fcr St\u00e4rke zu schaffen \u2013 und handelt dann?<\/p>\n<\/blockquote>\n\n\n\n<div style=\"height:35px\" aria-hidden=\"true\" class=\"wp-block-spacer\"><\/div>\n\n\n\n<p class=\"has-large-font-size\">Erinnerung ist Auftrag. Jede Kerze, jeder Stuhl, jedes Schicksal ruft uns ins Handeln \u2013 f\u00fcr eine Welt ohne Gewalt, f\u00fcr eine Gesellschaft, in der Leben gesch\u00fctzt und W\u00fcrde geachtet wird.<\/p>\n\n\n\n<p class=\"has-large-font-size\">Die F\u00fcrbitten dieser Andacht waren wie ein Chor aus vielen Stimmen:<\/p>\n\n\n\n<p class=\"has-accent-color has-text-color has-link-color has-large-font-size wp-elements-0a2fd497f7d6908ea714601c8a1f01ed\">f\u00fcr die Frauen und M\u00e4dchen, die gebrochen wurden \u2013 damit ihre W\u00fcrde wieder aufgerichtet wird,<\/p>\n\n\n\n<p class=\"has-accent-color has-text-color has-link-color has-large-font-size wp-elements-ef1287417af788fa1ca665110dc59233\">f\u00fcr die Mutlosen, die in st\u00e4ndiger Angst leben m\u00fcssen \u2013 damit sie Kraft und Vertrauen finden,<\/p>\n\n\n\n<p class=\"has-accent-color has-text-color has-link-color has-large-font-size wp-elements-f1bc70289ab2fc8b2503358fcf15ddf2\">f\u00fcr die Kinder und M\u00e4dchen, die Gewalt in Strukturen miterleben \u2013 damit sie Schutz und Zukunft erfahren,<\/p>\n\n\n\n<p class=\"has-accent-color has-text-color has-link-color has-large-font-size wp-elements-0d15c7d6bc0537789e6b2ff10b57eafa\">f\u00fcr die Frauen in unserer Kirche, die Unrecht und Kr\u00e4nkung erlitten haben \u2013 damit die Kirche ein Ort der Heilung und Verantwortung wird.<\/p>\n\n\n\n<p class=\"has-large-font-size\">So wurde die Schneerosenkirche an diesem Abend zu einem Ort der Klage und der Hoffnung, der Erinnerung und des Auftrags. Ein Ort der St\u00e4rke und des Miteinanders \u2013 und der Aufruf, das Schweigen zu brechen und f\u00fcr das Leben einzutreten. Ein Ort, an dem N\u00e4he und Solidarit\u00e4t sp\u00fcrbar wurden. Ein Raum voller Verbundenheit \u2013 und der klaren Stimmen.<\/p>\n\n\n\n<div style=\"height:35px\" aria-hidden=\"true\" class=\"wp-block-spacer\"><\/div>\n\n\n\n<figure class=\"wp-block-image size-full is-resized\"><img loading=\"lazy\" decoding=\"async\" width=\"479\" height=\"122\" src=\"https:\/\/www.evang-hermagor.at\/wp-content\/uploads\/2024\/02\/240228Abstand.jpg\" alt=\"\" class=\"wp-image-2130\" style=\"width:250px\" srcset=\"https:\/\/www.evang-hermagor.at\/wp-content\/uploads\/2024\/02\/240228Abstand.jpg 479w, https:\/\/www.evang-hermagor.at\/wp-content\/uploads\/2024\/02\/240228Abstand-300x76.jpg 300w\" sizes=\"auto, (max-width: 479px) 100vw, 479px\" \/><\/figure>\n\n\n\n<div class=\"wp-block-columns is-layout-flex wp-container-core-columns-is-layout-9d6595d7 wp-block-columns-is-layout-flex\">\n<div class=\"wp-block-column is-layout-flow wp-block-column-is-layout-flow\" style=\"flex-basis:33.33%\">\n<div style=\"height:27px\" aria-hidden=\"true\" class=\"wp-block-spacer\"><\/div>\n\n\n\n<div style=\"height:48px\" aria-hidden=\"true\" class=\"wp-block-spacer\"><\/div>\n\n\n\n<p><a href=\"https:\/\/hermagor.soroptimist.at\/\">Club Soroptimist Hermagor<\/a><\/p>\n\n\n\n<div style=\"height:27px\" aria-hidden=\"true\" class=\"wp-block-spacer\"><\/div>\n\n\n\n<p><a href=\"https:\/\/www.kath-kirche-kaernten.at\/dioezese\/organisation\/C2741\">Katholische Frauenbewegung K\u00e4rnten<\/a><\/p>\n\n\n\n<div style=\"height:16px\" aria-hidden=\"true\" class=\"wp-block-spacer\"><\/div>\n\n\n\n<p><a href=\"https:\/\/www.frauen-evang.at\/\">Evangelische Frauenarbeit<\/a><\/p>\n<\/div>\n\n\n\n<div class=\"wp-block-column is-layout-flow wp-block-column-is-layout-flow\" style=\"flex-basis:66.66%\">\n<figure data-wp-context=\"{&quot;imageId&quot;:&quot;69f42d6d0a5c1&quot;}\" data-wp-interactive=\"core\/image\" data-wp-key=\"69f42d6d0a5c1\" class=\"wp-block-image size-large is-resized wp-lightbox-container\"><img loading=\"lazy\" decoding=\"async\" width=\"1024\" height=\"955\" data-wp-class--hide=\"state.isContentHidden\" data-wp-class--show=\"state.isContentVisible\" data-wp-init=\"callbacks.setButtonStyles\" data-wp-on--click=\"actions.showLightbox\" data-wp-on--load=\"callbacks.setButtonStyles\" data-wp-on-window--resize=\"callbacks.setButtonStyles\" src=\"https:\/\/www.evang-hermagor.at\/wp-content\/uploads\/2025\/12\/251204OrangeTheWorld04-1024x955.jpg\" alt=\"\" class=\"wp-image-8156\" style=\"width:300px\" srcset=\"https:\/\/www.evang-hermagor.at\/wp-content\/uploads\/2025\/12\/251204OrangeTheWorld04-1024x955.jpg 1024w, https:\/\/www.evang-hermagor.at\/wp-content\/uploads\/2025\/12\/251204OrangeTheWorld04-300x280.jpg 300w, https:\/\/www.evang-hermagor.at\/wp-content\/uploads\/2025\/12\/251204OrangeTheWorld04-768x716.jpg 768w, https:\/\/www.evang-hermagor.at\/wp-content\/uploads\/2025\/12\/251204OrangeTheWorld04.jpg 1157w\" sizes=\"auto, (max-width: 1024px) 100vw, 1024px\" \/><button\n\t\t\tclass=\"lightbox-trigger\"\n\t\t\ttype=\"button\"\n\t\t\taria-haspopup=\"dialog\"\n\t\t\taria-label=\"Vergr\u00f6\u00dfern\"\n\t\t\tdata-wp-init=\"callbacks.initTriggerButton\"\n\t\t\tdata-wp-on--click=\"actions.showLightbox\"\n\t\t\tdata-wp-style--right=\"state.imageButtonRight\"\n\t\t\tdata-wp-style--top=\"state.imageButtonTop\"\n\t\t>\n\t\t\t<svg xmlns=\"http:\/\/www.w3.org\/2000\/svg\" width=\"12\" height=\"12\" fill=\"none\" viewBox=\"0 0 12 12\">\n\t\t\t\t<path fill=\"#fff\" d=\"M2 0a2 2 0 0 0-2 2v2h1.5V2a.5.5 0 0 1 .5-.5h2V0H2Zm2 10.5H2a.5.5 0 0 1-.5-.5V8H0v2a2 2 0 0 0 2 2h2v-1.5ZM8 12v-1.5h2a.5.5 0 0 0 .5-.5V8H12v2a2 2 0 0 1-2 2H8Zm2-12a2 2 0 0 1 2 2v2h-1.5V2a.5.5 0 0 0-.5-.5H8V0h2Z\" \/>\n\t\t\t<\/svg>\n\t\t<\/button><\/figure>\n<\/div>\n<\/div>\n\n\n\n<figure class=\"wp-block-image size-full is-resized\"><img loading=\"lazy\" decoding=\"async\" width=\"479\" height=\"122\" src=\"https:\/\/www.evang-hermagor.at\/wp-content\/uploads\/2024\/02\/240228Abstand.jpg\" alt=\"\" class=\"wp-image-2130\" style=\"width:250px\" srcset=\"https:\/\/www.evang-hermagor.at\/wp-content\/uploads\/2024\/02\/240228Abstand.jpg 479w, https:\/\/www.evang-hermagor.at\/wp-content\/uploads\/2024\/02\/240228Abstand-300x76.jpg 300w\" sizes=\"auto, (max-width: 479px) 100vw, 479px\" \/><\/figure>\n\n\n\n<p><\/p>\n","protected":false},"excerpt":{"rendered":"<p>Nicht stumm bleiben \u2013 jedes Opfer ist ein Ruf In der Schneerosenkirche vereinten evangelische Frauenarbeit, katholische Frauenbewegung und der Soroptimist Club Hermagor ihre Stimmen \u2013 &hellip; <\/p>\n","protected":false},"author":5,"featured_media":8165,"comment_status":"closed","ping_status":"closed","sticky":true,"template":"","format":"standard","meta":{"footnotes":""},"categories":[1],"tags":[],"class_list":["post-8162","post","type-post","status-publish","format-standard","has-post-thumbnail","hentry","category-aktuelles"],"_links":{"self":[{"href":"https:\/\/www.evang-hermagor.at\/index.php?rest_route=\/wp\/v2\/posts\/8162","targetHints":{"allow":["GET"]}}],"collection":[{"href":"https:\/\/www.evang-hermagor.at\/index.php?rest_route=\/wp\/v2\/posts"}],"about":[{"href":"https:\/\/www.evang-hermagor.at\/index.php?rest_route=\/wp\/v2\/types\/post"}],"author":[{"embeddable":true,"href":"https:\/\/www.evang-hermagor.at\/index.php?rest_route=\/wp\/v2\/users\/5"}],"replies":[{"embeddable":true,"href":"https:\/\/www.evang-hermagor.at\/index.php?rest_route=%2Fwp%2Fv2%2Fcomments&post=8162"}],"version-history":[{"count":13,"href":"https:\/\/www.evang-hermagor.at\/index.php?rest_route=\/wp\/v2\/posts\/8162\/revisions"}],"predecessor-version":[{"id":8178,"href":"https:\/\/www.evang-hermagor.at\/index.php?rest_route=\/wp\/v2\/posts\/8162\/revisions\/8178"}],"wp:featuredmedia":[{"embeddable":true,"href":"https:\/\/www.evang-hermagor.at\/index.php?rest_route=\/wp\/v2\/media\/8165"}],"wp:attachment":[{"href":"https:\/\/www.evang-hermagor.at\/index.php?rest_route=%2Fwp%2Fv2%2Fmedia&parent=8162"}],"wp:term":[{"taxonomy":"category","embeddable":true,"href":"https:\/\/www.evang-hermagor.at\/index.php?rest_route=%2Fwp%2Fv2%2Fcategories&post=8162"},{"taxonomy":"post_tag","embeddable":true,"href":"https:\/\/www.evang-hermagor.at\/index.php?rest_route=%2Fwp%2Fv2%2Ftags&post=8162"}],"curies":[{"name":"wp","href":"https:\/\/api.w.org\/{rel}","templated":true}]}}